{"id":50,"date":"2007-11-10T14:33:45","date_gmt":"2007-11-10T19:33:45","guid":{"rendered":"http:\/\/www.veterinariosvs.org\/editores\/?p=50"},"modified":"2007-11-10T14:33:45","modified_gmt":"2007-11-10T19:33:45","slug":"conservacion-de-fauna-en-cundinamarca","status":"publish","type":"post","link":"https:\/\/www.veterinariosvs.org\/editorial\/conservacion-de-fauna-en-cundinamarca\/","title":{"rendered":"Conservaci\u00f3n de Fauna en Cundinamarca"},"content":{"rendered":"<p><strong><a href=\"http:\/\/www.veterinariosvs.org\/editorial\/wp-content\/uploads\/2007\/11\/cundinamarca07_cover.png\" data-rel=\"lightbox-image-0\" data-rl_title=\"\" data-rl_caption=\"\" title=\"\"><img fetchpriority=\"high\" decoding=\"async\" class=\"alignright size-medium wp-image-259\" alt=\"Pantalla de inicio del CD-ROM\" src=\"http:\/\/www.veterinariosvs.org\/editores\/wp-content\/uploads\/sites\/7\/2007\/11\/cundinamarca07_cover-300x225.png\" width=\"300\" height=\"225\" srcset=\"https:\/\/www.veterinariosvs.org\/editorial\/wp-content\/uploads\/2007\/11\/cundinamarca07_cover-300x225.png 300w, https:\/\/www.veterinariosvs.org\/editorial\/wp-content\/uploads\/2007\/11\/cundinamarca07_cover-768x577.png 768w, https:\/\/www.veterinariosvs.org\/editorial\/wp-content\/uploads\/2007\/11\/cundinamarca07_cover.png 795w\" sizes=\"(max-width: 300px) 100vw, 300px\" \/><\/a>T\u00edtulo:<\/strong> Desarrollo de Estrategias para la Conservaci\u00f3n de Fauna Silvestre en Cundinamarca.<\/p>\n<p><strong>Editor:<\/strong> N\u00e9stor Varela.<\/p>\n<p><strong>Tipo:<\/strong> Publicaciones no seriadas.<\/p>\n<p><strong>A\u00f1o:<\/strong> 2007.<\/p>\n<p><strong>Formato:<\/strong> CD-ROM.<\/p>\n<p><strong>Entidades:<\/strong> Gobernaci\u00f3n de Cundinamarca y Asociaci\u00f3n de Veterinarios de Vida Silvestre.<\/p>\n<p><strong>Precio:<\/strong> $0.00.<\/p>\n<p><strong>Acceso:<\/strong> <a href=\"http:\/\/www.datafauna.veterinariosvs.org\/cundinamarca2007\/\" target=\"_blank\">Web del recurso [+]<\/a><\/p>\n","protected":false},"excerpt":{"rendered":"<p>T\u00edtulo: Desarrollo de Estrategias para la Conservaci\u00f3n de Fauna Silvestre en Cundinamarca. Editor: N\u00e9stor Varela. Tipo: Publicaciones no seriadas. A\u00f1o: 2007. Formato: CD-ROM. Entidades: Gobernaci\u00f3n de Cundinamarca y Asociaci\u00f3n de Veterinarios de Vida Silvestre. Precio: $0.00. Acceso: Web del recurso [+]<\/p>\n","protected":false},"author":1,"featured_media":259,"comment_status":"closed","ping_status":"closed","sticky":false,"template":"","format":"standard","meta":{"neve_meta_sidebar":"","neve_meta_container":"","neve_meta_enable_content_width":"","neve_meta_content_width":0,"neve_meta_title_alignment":"","neve_meta_author_avatar":"","neve_post_elements_order":"","neve_meta_disable_header":"","neve_meta_disable_footer":"","neve_meta_disable_title":"","footnotes":""},"categories":[2,6],"tags":[50,52,56,74,144,172],"_links":{"self":[{"href":"https:\/\/www.veterinariosvs.org\/editorial\/wp-json\/wp\/v2\/posts\/50"}],"collection":[{"href":"https:\/\/www.veterinariosvs.org\/editorial\/wp-json\/wp\/v2\/posts"}],"about":[{"href":"https:\/\/www.veterinariosvs.org\/editorial\/wp-json\/wp\/v2\/types\/post"}],"author":[{"embeddable":true,"href":"https:\/\/www.veterinariosvs.org\/editorial\/wp-json\/wp\/v2\/users\/1"}],"replies":[{"embeddable":true,"href":"https:\/\/www.veterinariosvs.org\/editorial\/wp-json\/wp\/v2\/comments?post=50"}],"version-history":[{"count":0,"href":"https:\/\/www.veterinariosvs.org\/editorial\/wp-json\/wp\/v2\/posts\/50\/revisions"}],"wp:featuredmedia":[{"embeddable":true,"href":"https:\/\/www.veterinariosvs.org\/editorial\/wp-json\/wp\/v2\/media\/259"}],"wp:attachment":[{"href":"https:\/\/www.veterinariosvs.org\/editorial\/wp-json\/wp\/v2\/media?parent=50"}],"wp:term":[{"taxonomy":"category","embeddable":true,"href":"https:\/\/www.veterinariosvs.org\/editorial\/wp-json\/wp\/v2\/categories?post=50"},{"taxonomy":"post_tag","embeddable":true,"href":"https:\/\/www.veterinariosvs.org\/editorial\/wp-json\/wp\/v2\/tags?post=50"}],"curies":[{"name":"wp","href":"https:\/\/api.w.org\/{rel}","templated":true}]}}