{"id":662,"date":"2016-07-01T10:10:44","date_gmt":"2016-07-01T15:10:44","guid":{"rendered":"http:\/\/www.veterinariosvs.org\/editorial\/?p=662"},"modified":"2018-04-15T10:36:07","modified_gmt":"2018-04-15T15:36:07","slug":"memorias-de-la-cima-2016-12-1","status":"publish","type":"post","link":"https:\/\/www.veterinariosvs.org\/editorial\/memorias-de-la-cima-2016-12-1\/","title":{"rendered":"Memorias de la CIMA 2016, 12: 1"},"content":{"rendered":"<p><strong><img decoding=\"async\" class=\"wp-image-664 alignright\" src=\"http:\/\/www.veterinariosvs.org\/editorial\/wp-content\/uploads\/2018\/04\/cover_memorias_cima2016-01.jpg\" alt=\"\" width=\"173\" height=\"267\" srcset=\"https:\/\/www.veterinariosvs.org\/editorial\/wp-content\/uploads\/2018\/04\/cover_memorias_cima2016-01.jpg 990w, https:\/\/www.veterinariosvs.org\/editorial\/wp-content\/uploads\/2018\/04\/cover_memorias_cima2016-01-194x300.jpg 194w, https:\/\/www.veterinariosvs.org\/editorial\/wp-content\/uploads\/2018\/04\/cover_memorias_cima2016-01-768x1187.jpg 768w, https:\/\/www.veterinariosvs.org\/editorial\/wp-content\/uploads\/2018\/04\/cover_memorias_cima2016-01-663x1024.jpg 663w, https:\/\/www.veterinariosvs.org\/editorial\/wp-content\/uploads\/2018\/04\/cover_memorias_cima2016-01-370x572.jpg 370w\" sizes=\"(max-width: 173px) 100vw, 173px\" \/>T\u00edtulo:<\/strong> Memorias de la Conferencia Interna en Medicina y Aprovechamiento de Fauna Silvestre, Ex\u00f3tica y no Convencional.<\/p>\n<p><strong>Tipo:<\/strong> Publicaciones seriadas.<\/p>\n<p><strong>ISSN:<\/strong> 2011 -9348.<\/p>\n<p><strong>A\u00f1o:<\/strong> 2016, volumen 12, n\u00famero 1.<\/p>\n<p><strong>Formato:<\/strong> publicaci\u00f3n electr\u00f3nica.<\/p>\n<p><strong>Precio:<\/strong> $0,00<\/p>\n<p><strong>Acceso:<\/strong> <a title=\"Memorias de la CIMA 2014, 10: 02\" href=\"https:\/\/www.veterinariosvs.org\/tienda\/memorias-de-la-cima-2016-12-1\/\" target=\"_blank\" rel=\"noopener\">Web del recurso [+]<\/a><\/p>\n","protected":false},"excerpt":{"rendered":"<p>T\u00edtulo: Memorias de la Conferencia Interna en Medicina y Aprovechamiento de Fauna Silvestre, Ex\u00f3tica y no Convencional. Tipo: Publicaciones seriadas. ISSN: 2011 -9348. A\u00f1o: 2016, volumen 12, n\u00famero 1. Formato: publicaci\u00f3n electr\u00f3nica. Precio: $0,00 Acceso: Web del recurso [+]<\/p>\n","protected":false},"author":1,"featured_media":664,"comment_status":"closed","ping_status":"closed","sticky":false,"template":"","format":"standard","meta":{"neve_meta_sidebar":"","neve_meta_container":"","neve_meta_enable_content_width":"","neve_meta_content_width":0,"neve_meta_title_alignment":"","neve_meta_author_avatar":"","neve_post_elements_order":"","neve_meta_disable_header":"","neve_meta_disable_footer":"","neve_meta_disable_title":"","footnotes":""},"categories":[4,7],"tags":[47,187,188,189,194,186,95,195,192,115,185,149,191,190,193],"_links":{"self":[{"href":"https:\/\/www.veterinariosvs.org\/editorial\/wp-json\/wp\/v2\/posts\/662"}],"collection":[{"href":"https:\/\/www.veterinariosvs.org\/editorial\/wp-json\/wp\/v2\/posts"}],"about":[{"href":"https:\/\/www.veterinariosvs.org\/editorial\/wp-json\/wp\/v2\/types\/post"}],"author":[{"embeddable":true,"href":"https:\/\/www.veterinariosvs.org\/editorial\/wp-json\/wp\/v2\/users\/1"}],"replies":[{"embeddable":true,"href":"https:\/\/www.veterinariosvs.org\/editorial\/wp-json\/wp\/v2\/comments?post=662"}],"version-history":[{"count":3,"href":"https:\/\/www.veterinariosvs.org\/editorial\/wp-json\/wp\/v2\/posts\/662\/revisions"}],"predecessor-version":[{"id":667,"href":"https:\/\/www.veterinariosvs.org\/editorial\/wp-json\/wp\/v2\/posts\/662\/revisions\/667"}],"wp:featuredmedia":[{"embeddable":true,"href":"https:\/\/www.veterinariosvs.org\/editorial\/wp-json\/wp\/v2\/media\/664"}],"wp:attachment":[{"href":"https:\/\/www.veterinariosvs.org\/editorial\/wp-json\/wp\/v2\/media?parent=662"}],"wp:term":[{"taxonomy":"category","embeddable":true,"href":"https:\/\/www.veterinariosvs.org\/editorial\/wp-json\/wp\/v2\/categories?post=662"},{"taxonomy":"post_tag","embeddable":true,"href":"https:\/\/www.veterinariosvs.org\/editorial\/wp-json\/wp\/v2\/tags?post=662"}],"curies":[{"name":"wp","href":"https:\/\/api.w.org\/{rel}","templated":true}]}}