{"id":68,"date":"2012-05-21T14:49:44","date_gmt":"2012-05-21T19:49:44","guid":{"rendered":"http:\/\/www.veterinariosvs.org\/editores\/?p=68"},"modified":"2012-05-21T14:49:44","modified_gmt":"2012-05-21T19:49:44","slug":"enfermedades-de-la-fauna-en-colombia","status":"publish","type":"post","link":"https:\/\/www.veterinariosvs.org\/editorial\/enfermedades-de-la-fauna-en-colombia\/","title":{"rendered":"Enfermedades de la Fauna en Colombia"},"content":{"rendered":"<p><strong><a href=\"http:\/\/www.veterinariosvs.org\/editorial\/wp-content\/uploads\/2012\/05\/cgeasc_cover.jpg\" data-rel=\"lightbox-image-0\" data-rl_title=\"\" data-rl_caption=\"\" title=\"\"><img fetchpriority=\"high\" decoding=\"async\" class=\"alignright size-medium wp-image-207\" alt=\"Portada del libro\" src=\"http:\/\/www.veterinariosvs.org\/editores\/wp-content\/uploads\/sites\/7\/2012\/05\/cgeasc_cover-231x300.jpg\" width=\"231\" height=\"300\" \/><\/a>T\u00edtulo:<\/strong> Conocimiento y Gesti\u00f3n de las Enfermedades de los Animales Silvestres en Colombia.<\/p>\n<p><strong>Autores:<\/strong> Milena Pe\u00f1uela, Juliana P\u00e9rez, Diego Soler y N\u00e9stor Varela.<\/p>\n<p><strong>Tipo:<\/strong> Publicaciones no seriadas.<\/p>\n<p><strong>ISBN:<\/strong> 978-958-57405-1-8 (e-book) y 978-958-57405-2-5 (impreso).<\/p>\n<p><strong>A\u00f1o:<\/strong> 2012.<\/p>\n<p><strong>Formato:<\/strong> Publicaci\u00f3n electr\u00f3nica e impresa.<\/p>\n<p><strong>Entidades:<\/strong> Wildlife Conservation Society &#8211; Colombia (WCS) y la Asociaci\u00f3n de Veterinarios de Vida Silvestre con el apoyo de USAID &#8211; PREDICT.<\/p>\n<p><strong>Precio:<\/strong> $0.00.<\/p>\n<p><strong>Acceso:<\/strong> <a href=\"http:\/\/www.datafauna.veterinariosvs.org\/enfermedades-fauna-colombia\/\" target=\"_blank\">Web del recurso [+]<\/a><\/p>\n","protected":false},"excerpt":{"rendered":"<p>T\u00edtulo: Conocimiento y Gesti\u00f3n de las Enfermedades de los Animales Silvestres en Colombia. Autores: Milena Pe\u00f1uela, Juliana P\u00e9rez, Diego Soler y N\u00e9stor Varela. Tipo: Publicaciones no seriadas. ISBN: 978-958-57405-1-8 (e-book) y 978-958-57405-2-5 (impreso). A\u00f1o: 2012. Formato: Publicaci\u00f3n electr\u00f3nica e impresa. Entidades: Wildlife Conservation Society &#8211; Colombia (WCS) y la Asociaci\u00f3n de Veterinarios de Vida Silvestre&hellip;&nbsp;<a href=\"https:\/\/www.veterinariosvs.org\/editorial\/enfermedades-de-la-fauna-en-colombia\/\" class=\"\" rel=\"bookmark\">Leer m\u00e1s &raquo;<span class=\"screen-reader-text\">Enfermedades de la Fauna en Colombia<\/span><\/a><\/p>\n","protected":false},"author":1,"featured_media":207,"comment_status":"closed","ping_status":"closed","sticky":false,"template":"","format":"standard","meta":{"neve_meta_sidebar":"","neve_meta_container":"","neve_meta_enable_content_width":"","neve_meta_content_width":0,"neve_meta_title_alignment":"","neve_meta_author_avatar":"","neve_post_elements_order":"","neve_meta_disable_header":"","neve_meta_disable_footer":"","neve_meta_disable_title":"","footnotes":""},"categories":[4,5,6],"tags":[16,17,47,65,67,74,84,161,178],"_links":{"self":[{"href":"https:\/\/www.veterinariosvs.org\/editorial\/wp-json\/wp\/v2\/posts\/68"}],"collection":[{"href":"https:\/\/www.veterinariosvs.org\/editorial\/wp-json\/wp\/v2\/posts"}],"about":[{"href":"https:\/\/www.veterinariosvs.org\/editorial\/wp-json\/wp\/v2\/types\/post"}],"author":[{"embeddable":true,"href":"https:\/\/www.veterinariosvs.org\/editorial\/wp-json\/wp\/v2\/users\/1"}],"replies":[{"embeddable":true,"href":"https:\/\/www.veterinariosvs.org\/editorial\/wp-json\/wp\/v2\/comments?post=68"}],"version-history":[{"count":0,"href":"https:\/\/www.veterinariosvs.org\/editorial\/wp-json\/wp\/v2\/posts\/68\/revisions"}],"wp:featuredmedia":[{"embeddable":true,"href":"https:\/\/www.veterinariosvs.org\/editorial\/wp-json\/wp\/v2\/media\/207"}],"wp:attachment":[{"href":"https:\/\/www.veterinariosvs.org\/editorial\/wp-json\/wp\/v2\/media?parent=68"}],"wp:term":[{"taxonomy":"category","embeddable":true,"href":"https:\/\/www.veterinariosvs.org\/editorial\/wp-json\/wp\/v2\/categories?post=68"},{"taxonomy":"post_tag","embeddable":true,"href":"https:\/\/www.veterinariosvs.org\/editorial\/wp-json\/wp\/v2\/tags?post=68"}],"curies":[{"name":"wp","href":"https:\/\/api.w.org\/{rel}","templated":true}]}}