{"id":70,"date":"2012-11-02T14:51:10","date_gmt":"2012-11-02T19:51:10","guid":{"rendered":"http:\/\/www.veterinariosvs.org\/editores\/?p=70"},"modified":"2012-11-02T14:51:10","modified_gmt":"2012-11-02T19:51:10","slug":"taller-de-vigilancia-epidemiologica","status":"publish","type":"post","link":"https:\/\/www.veterinariosvs.org\/editorial\/taller-de-vigilancia-epidemiologica\/","title":{"rendered":"Taller de Vigilancia Epidemiol\u00f3gica"},"content":{"rendered":"<p><strong><a href=\"http:\/\/www.veterinariosvs.org\/editorial\/wp-content\/uploads\/2012\/11\/taller_ve_2012.jpg\" data-rel=\"lightbox-image-0\" data-rl_title=\"\" data-rl_caption=\"\" title=\"\"><img decoding=\"async\" class=\"alignright size-medium wp-image-210\" alt=\"Portada del CD-ROM\" src=\"http:\/\/www.veterinariosvs.org\/editores\/wp-content\/uploads\/sites\/7\/2012\/11\/taller_ve_2012-300x165.jpg\" width=\"300\" height=\"165\" srcset=\"https:\/\/www.veterinariosvs.org\/editorial\/wp-content\/uploads\/2012\/11\/taller_ve_2012-300x165.jpg 300w, https:\/\/www.veterinariosvs.org\/editorial\/wp-content\/uploads\/2012\/11\/taller_ve_2012-768x423.jpg 768w, https:\/\/www.veterinariosvs.org\/editorial\/wp-content\/uploads\/2012\/11\/taller_ve_2012-1024x564.jpg 1024w, https:\/\/www.veterinariosvs.org\/editorial\/wp-content\/uploads\/2012\/11\/taller_ve_2012-1200x661.jpg 1200w, https:\/\/www.veterinariosvs.org\/editorial\/wp-content\/uploads\/2012\/11\/taller_ve_2012.jpg 1280w\" sizes=\"(max-width: 300px) 100vw, 300px\" \/><\/a><\/strong><\/p>\n<p><strong>T\u00edtulo:<\/strong> Memorias del Taller Nacional de Vigilancia Epidemiol\u00f3gica de las Enfermedades de los Animales Silvestres en Colombia.<\/p>\n<p><strong>Editor:<\/strong> N\u00e9stor Varela.<\/p>\n<p><strong>Tipo:<\/strong> Publicaciones no seriadas.<\/p>\n<p><strong>A\u00f1o:<\/strong> 2012.<\/p>\n<p><strong>Formato:<\/strong> CD-ROM.<\/p>\n<p><strong>Entidades:<\/strong> Ministerio de Ambiente y Desarrollo Sostenible (MADS) y Wildlife Conservation Society &#8211; Colombia (WCS), con el apoyo de USAID &#8211; PREDICT y la consultor\u00eda de VVS.<\/p>\n<p><strong>Precio:<\/strong> $0.00.<\/p>\n<p><strong>Acceso:<\/strong> Sin acceso Web para este recurso.<\/p>\n","protected":false},"excerpt":{"rendered":"<p>T\u00edtulo: Memorias del Taller Nacional de Vigilancia Epidemiol\u00f3gica de las Enfermedades de los Animales Silvestres en Colombia. Editor: N\u00e9stor Varela. Tipo: Publicaciones no seriadas. A\u00f1o: 2012. Formato: CD-ROM. Entidades: Ministerio de Ambiente y Desarrollo Sostenible (MADS) y Wildlife Conservation Society &#8211; Colombia (WCS), con el apoyo de USAID &#8211; PREDICT y la consultor\u00eda de VVS.&hellip;&nbsp;<a href=\"https:\/\/www.veterinariosvs.org\/editorial\/taller-de-vigilancia-epidemiologica\/\" class=\"\" rel=\"bookmark\">Leer m\u00e1s &raquo;<span class=\"screen-reader-text\">Taller de Vigilancia Epidemiol\u00f3gica<\/span><\/a><\/p>\n","protected":false},"author":1,"featured_media":210,"comment_status":"closed","ping_status":"closed","sticky":false,"template":"","format":"standard","meta":{"neve_meta_sidebar":"","neve_meta_container":"","neve_meta_enable_content_width":"","neve_meta_content_width":0,"neve_meta_title_alignment":"","neve_meta_author_avatar":"","neve_post_elements_order":"","neve_meta_disable_header":"","neve_meta_disable_footer":"","neve_meta_disable_title":"","footnotes":""},"categories":[2,6],"tags":[65,67,74,160,178],"_links":{"self":[{"href":"https:\/\/www.veterinariosvs.org\/editorial\/wp-json\/wp\/v2\/posts\/70"}],"collection":[{"href":"https:\/\/www.veterinariosvs.org\/editorial\/wp-json\/wp\/v2\/posts"}],"about":[{"href":"https:\/\/www.veterinariosvs.org\/editorial\/wp-json\/wp\/v2\/types\/post"}],"author":[{"embeddable":true,"href":"https:\/\/www.veterinariosvs.org\/editorial\/wp-json\/wp\/v2\/users\/1"}],"replies":[{"embeddable":true,"href":"https:\/\/www.veterinariosvs.org\/editorial\/wp-json\/wp\/v2\/comments?post=70"}],"version-history":[{"count":0,"href":"https:\/\/www.veterinariosvs.org\/editorial\/wp-json\/wp\/v2\/posts\/70\/revisions"}],"wp:featuredmedia":[{"embeddable":true,"href":"https:\/\/www.veterinariosvs.org\/editorial\/wp-json\/wp\/v2\/media\/210"}],"wp:attachment":[{"href":"https:\/\/www.veterinariosvs.org\/editorial\/wp-json\/wp\/v2\/media?parent=70"}],"wp:term":[{"taxonomy":"category","embeddable":true,"href":"https:\/\/www.veterinariosvs.org\/editorial\/wp-json\/wp\/v2\/categories?post=70"},{"taxonomy":"post_tag","embeddable":true,"href":"https:\/\/www.veterinariosvs.org\/editorial\/wp-json\/wp\/v2\/tags?post=70"}],"curies":[{"name":"wp","href":"https:\/\/api.w.org\/{rel}","templated":true}]}}