{"id":744,"date":"2016-12-19T06:39:05","date_gmt":"2016-12-19T11:39:05","guid":{"rendered":"https:\/\/www.veterinariosvs.org\/editorial\/?p=744"},"modified":"2020-11-19T06:42:47","modified_gmt":"2020-11-19T11:42:47","slug":"memorias-de-la-cima-2016-12-2","status":"publish","type":"post","link":"https:\/\/www.veterinariosvs.org\/editorial\/memorias-de-la-cima-2016-12-2\/","title":{"rendered":"Memorias de la CIMA 2016, 12: 2"},"content":{"rendered":"<p><strong><img fetchpriority=\"high\" decoding=\"async\" class=\"alignright size-medium wp-image-745\" src=\"https:\/\/www.veterinariosvs.org\/editorial\/wp-content\/uploads\/2020\/11\/Portada201602-194x300.jpg\" alt=\"\" width=\"194\" height=\"300\" srcset=\"https:\/\/www.veterinariosvs.org\/editorial\/wp-content\/uploads\/2020\/11\/Portada201602-194x300.jpg 194w, https:\/\/www.veterinariosvs.org\/editorial\/wp-content\/uploads\/2020\/11\/Portada201602-663x1024.jpg 663w, https:\/\/www.veterinariosvs.org\/editorial\/wp-content\/uploads\/2020\/11\/Portada201602-768x1187.jpg 768w, https:\/\/www.veterinariosvs.org\/editorial\/wp-content\/uploads\/2020\/11\/Portada201602.jpg 825w\" sizes=\"(max-width: 194px) 100vw, 194px\" \/>T\u00edtulo:<\/strong> Memorias de la Conferencia Interna en Medicina y Aprovechamiento de Fauna Silvestre, Ex\u00f3tica y no Convencional.<\/p>\n<p><strong>Tipo:<\/strong> Publicaciones seriadas.<\/p>\n<p><strong>ISSN:<\/strong> 2011 -9348.<\/p>\n<p><strong>A\u00f1o:<\/strong> 2016, volumen 12, n\u00famero 2.<\/p>\n<p><strong>Formato:<\/strong> publicaci\u00f3n electr\u00f3nica.<\/p>\n<p><strong>Precio:<\/strong> $0,00<\/p>\n<p><strong>Acceso:<\/strong> <a title=\"Memorias de la CIMA 2014, 10: 02\" href=\"https:\/\/www.veterinariosvs.org\/tienda\/memorias-de-la-cima-2016-12-2\/\" target=\"_blank\" rel=\"noopener noreferrer\">Web del recurso [+]<\/a><\/p>\n","protected":false},"excerpt":{"rendered":"<p>T\u00edtulo: Memorias de la Conferencia Interna en Medicina y Aprovechamiento de Fauna Silvestre, Ex\u00f3tica y no Convencional. Tipo: Publicaciones seriadas. ISSN: 2011 -9348. A\u00f1o: 2016, volumen 12, n\u00famero 2. Formato: publicaci\u00f3n electr\u00f3nica. Precio: $0,00 Acceso: Web del recurso [+]<\/p>\n","protected":false},"author":1,"featured_media":745,"comment_status":"closed","ping_status":"closed","sticky":false,"template":"","format":"standard","meta":{"neve_meta_sidebar":"","neve_meta_container":"","neve_meta_enable_content_width":"","neve_meta_content_width":0,"neve_meta_title_alignment":"","neve_meta_author_avatar":"","neve_post_elements_order":"","neve_meta_disable_header":"","neve_meta_disable_footer":"","neve_meta_disable_title":"","footnotes":""},"categories":[4,7],"tags":[201,47,199,194,198,74,186,95,192,185,149,200,191,190,193,197,176],"_links":{"self":[{"href":"https:\/\/www.veterinariosvs.org\/editorial\/wp-json\/wp\/v2\/posts\/744"}],"collection":[{"href":"https:\/\/www.veterinariosvs.org\/editorial\/wp-json\/wp\/v2\/posts"}],"about":[{"href":"https:\/\/www.veterinariosvs.org\/editorial\/wp-json\/wp\/v2\/types\/post"}],"author":[{"embeddable":true,"href":"https:\/\/www.veterinariosvs.org\/editorial\/wp-json\/wp\/v2\/users\/1"}],"replies":[{"embeddable":true,"href":"https:\/\/www.veterinariosvs.org\/editorial\/wp-json\/wp\/v2\/comments?post=744"}],"version-history":[{"count":1,"href":"https:\/\/www.veterinariosvs.org\/editorial\/wp-json\/wp\/v2\/posts\/744\/revisions"}],"predecessor-version":[{"id":746,"href":"https:\/\/www.veterinariosvs.org\/editorial\/wp-json\/wp\/v2\/posts\/744\/revisions\/746"}],"wp:featuredmedia":[{"embeddable":true,"href":"https:\/\/www.veterinariosvs.org\/editorial\/wp-json\/wp\/v2\/media\/745"}],"wp:attachment":[{"href":"https:\/\/www.veterinariosvs.org\/editorial\/wp-json\/wp\/v2\/media?parent=744"}],"wp:term":[{"taxonomy":"category","embeddable":true,"href":"https:\/\/www.veterinariosvs.org\/editorial\/wp-json\/wp\/v2\/categories?post=744"},{"taxonomy":"post_tag","embeddable":true,"href":"https:\/\/www.veterinariosvs.org\/editorial\/wp-json\/wp\/v2\/tags?post=744"}],"curies":[{"name":"wp","href":"https:\/\/api.w.org\/{rel}","templated":true}]}}