{"id":77,"date":"2006-08-26T14:55:51","date_gmt":"2006-08-26T19:55:51","guid":{"rendered":"http:\/\/www.veterinariosvs.org\/editores\/?p=77"},"modified":"2006-08-26T14:55:51","modified_gmt":"2006-08-26T19:55:51","slug":"cima-1","status":"publish","type":"post","link":"https:\/\/www.veterinariosvs.org\/editorial\/cima-1\/","title":{"rendered":"Memorias de la CIMA 2006, 02: 01"},"content":{"rendered":"<p><strong><a href=\"http:\/\/www.veterinariosvs.org\/editorial\/wp-content\/uploads\/2006\/08\/cima1_cover.jpg\" data-rel=\"lightbox-image-0\" data-rl_title=\"\" data-rl_caption=\"\" title=\"\"><img fetchpriority=\"high\" decoding=\"async\" class=\"alignright size-medium wp-image-171\" alt=\"Portada de la Revista\" src=\"http:\/\/www.veterinariosvs.org\/editores\/wp-content\/uploads\/sites\/7\/2006\/08\/cima1_cover-193x300.jpg\" width=\"193\" height=\"300\" srcset=\"https:\/\/www.veterinariosvs.org\/editorial\/wp-content\/uploads\/2006\/08\/cima1_cover-193x300.jpg 193w, https:\/\/www.veterinariosvs.org\/editorial\/wp-content\/uploads\/2006\/08\/cima1_cover-768x1192.jpg 768w, https:\/\/www.veterinariosvs.org\/editorial\/wp-content\/uploads\/2006\/08\/cima1_cover-660x1024.jpg 660w, https:\/\/www.veterinariosvs.org\/editorial\/wp-content\/uploads\/2006\/08\/cima1_cover-1200x1862.jpg 1200w, https:\/\/www.veterinariosvs.org\/editorial\/wp-content\/uploads\/2006\/08\/cima1_cover.jpg 1649w\" sizes=\"(max-width: 193px) 100vw, 193px\" \/><\/a>T\u00edtulo:<\/strong> Memorias de la Conferencia Interna en Medicina y Aprovechamiento de Fauna Silvestre, Ex\u00f3tica y no Convencional.<\/p>\n<p><strong>Tipo:<\/strong> Publicaciones seriadas.<\/p>\n<p><strong>ISSN:<\/strong> 2011 -9348.<\/p>\n<p><strong>A\u00f1o:<\/strong> 2006, volumen 2, n\u00famero 1.<\/p>\n<p><strong>Formato:<\/strong> Publicaci\u00f3n electr\u00f3nica.<\/p>\n<p><strong>Precio:<\/strong> $0.00.<\/p>\n<p><strong>Acceso:<\/strong> Web del recurso [+]<\/p>\n","protected":false},"excerpt":{"rendered":"<p>T\u00edtulo: Memorias de la Conferencia Interna en Medicina y Aprovechamiento de Fauna Silvestre, Ex\u00f3tica y no Convencional. Tipo: Publicaciones seriadas. ISSN: 2011 -9348. A\u00f1o: 2006, volumen 2, n\u00famero 1. Formato: Publicaci\u00f3n electr\u00f3nica. Precio: $0.00. Acceso: Web del recurso [+]<\/p>\n","protected":false},"author":1,"featured_media":171,"comment_status":"closed","ping_status":"open","sticky":false,"template":"","format":"standard","meta":{"neve_meta_sidebar":"","neve_meta_container":"","neve_meta_enable_content_width":"","neve_meta_content_width":0,"neve_meta_title_alignment":"","neve_meta_author_avatar":"","neve_post_elements_order":"","neve_meta_disable_header":"","neve_meta_disable_footer":"","neve_meta_disable_title":"","footnotes":""},"categories":[4,7],"tags":[],"_links":{"self":[{"href":"https:\/\/www.veterinariosvs.org\/editorial\/wp-json\/wp\/v2\/posts\/77"}],"collection":[{"href":"https:\/\/www.veterinariosvs.org\/editorial\/wp-json\/wp\/v2\/posts"}],"about":[{"href":"https:\/\/www.veterinariosvs.org\/editorial\/wp-json\/wp\/v2\/types\/post"}],"author":[{"embeddable":true,"href":"https:\/\/www.veterinariosvs.org\/editorial\/wp-json\/wp\/v2\/users\/1"}],"replies":[{"embeddable":true,"href":"https:\/\/www.veterinariosvs.org\/editorial\/wp-json\/wp\/v2\/comments?post=77"}],"version-history":[{"count":0,"href":"https:\/\/www.veterinariosvs.org\/editorial\/wp-json\/wp\/v2\/posts\/77\/revisions"}],"wp:featuredmedia":[{"embeddable":true,"href":"https:\/\/www.veterinariosvs.org\/editorial\/wp-json\/wp\/v2\/media\/171"}],"wp:attachment":[{"href":"https:\/\/www.veterinariosvs.org\/editorial\/wp-json\/wp\/v2\/media?parent=77"}],"wp:term":[{"taxonomy":"category","embeddable":true,"href":"https:\/\/www.veterinariosvs.org\/editorial\/wp-json\/wp\/v2\/categories?post=77"},{"taxonomy":"post_tag","embeddable":true,"href":"https:\/\/www.veterinariosvs.org\/editorial\/wp-json\/wp\/v2\/tags?post=77"}],"curies":[{"name":"wp","href":"https:\/\/api.w.org\/{rel}","templated":true}]}}