{"id":98,"date":"2011-12-22T15:15:17","date_gmt":"2011-12-22T20:15:17","guid":{"rendered":"http:\/\/www.veterinariosvs.org\/editores\/?p=98"},"modified":"2011-12-22T15:15:17","modified_gmt":"2011-12-22T20:15:17","slug":"cima-72","status":"publish","type":"post","link":"https:\/\/www.veterinariosvs.org\/editorial\/cima-72\/","title":{"rendered":"Memorias de la CIMA 2011, 07: 02"},"content":{"rendered":"<p><strong><a href=\"http:\/\/www.veterinariosvs.org\/editorial\/wp-content\/uploads\/2011\/12\/cima72_cover.jpg\" data-rel=\"lightbox-image-0\" data-rl_title=\"\" data-rl_caption=\"\" title=\"\"><img fetchpriority=\"high\" decoding=\"async\" class=\"alignright size-medium wp-image-129\" alt=\"Portada de la Revista\" src=\"http:\/\/www.veterinariosvs.org\/editores\/wp-content\/uploads\/sites\/7\/2011\/12\/cima72_cover-194x300.jpg\" width=\"194\" height=\"300\" srcset=\"https:\/\/www.veterinariosvs.org\/editorial\/wp-content\/uploads\/2011\/12\/cima72_cover-194x300.jpg 194w, https:\/\/www.veterinariosvs.org\/editorial\/wp-content\/uploads\/2011\/12\/cima72_cover-768x1187.jpg 768w, https:\/\/www.veterinariosvs.org\/editorial\/wp-content\/uploads\/2011\/12\/cima72_cover-663x1024.jpg 663w, https:\/\/www.veterinariosvs.org\/editorial\/wp-content\/uploads\/2011\/12\/cima72_cover.jpg 825w\" sizes=\"(max-width: 194px) 100vw, 194px\" \/><\/a>T\u00edtulo:<\/strong> Memorias de la Conferencia Interna en Medicina y Aprovechamiento de Fauna Silvestre, Ex\u00f3tica y no Convencional.<\/p>\n<p><strong>Tipo:<\/strong> Publicaciones seriadas.<\/p>\n<p><strong>ISSN:<\/strong> 2011 -9348.<\/p>\n<p><strong>A\u00f1o:<\/strong> 2011, volumen 7, n\u00famero 2.<\/p>\n<p><strong>Formato:<\/strong> Publicaci\u00f3n electr\u00f3nica.<\/p>\n<p><strong>Precio:<\/strong> $0.00.<\/p>\n<p><strong>Acceso:<\/strong> <a href=\"http:\/\/www.datafauna.veterinariosvs.org\/memorias-de-la-cima-2011-7-2\/\" target=\"_blank\">Web del recurso [+]<\/a><\/p>\n","protected":false},"excerpt":{"rendered":"<p>T\u00edtulo: Memorias de la Conferencia Interna en Medicina y Aprovechamiento de Fauna Silvestre, Ex\u00f3tica y no Convencional. Tipo: Publicaciones seriadas. ISSN: 2011 -9348. A\u00f1o: 2011, volumen 7, n\u00famero 2. Formato: Publicaci\u00f3n electr\u00f3nica. Precio: $0.00. Acceso: Web del recurso [+]<\/p>\n","protected":false},"author":1,"featured_media":129,"comment_status":"closed","ping_status":"open","sticky":false,"template":"","format":"standard","meta":{"neve_meta_sidebar":"","neve_meta_container":"","neve_meta_enable_content_width":"","neve_meta_content_width":0,"neve_meta_title_alignment":"","neve_meta_author_avatar":"","neve_post_elements_order":"","neve_meta_disable_header":"","neve_meta_disable_footer":"","neve_meta_disable_title":"","footnotes":""},"categories":[4,7],"tags":[23,65,94,107,122,124,149],"_links":{"self":[{"href":"https:\/\/www.veterinariosvs.org\/editorial\/wp-json\/wp\/v2\/posts\/98"}],"collection":[{"href":"https:\/\/www.veterinariosvs.org\/editorial\/wp-json\/wp\/v2\/posts"}],"about":[{"href":"https:\/\/www.veterinariosvs.org\/editorial\/wp-json\/wp\/v2\/types\/post"}],"author":[{"embeddable":true,"href":"https:\/\/www.veterinariosvs.org\/editorial\/wp-json\/wp\/v2\/users\/1"}],"replies":[{"embeddable":true,"href":"https:\/\/www.veterinariosvs.org\/editorial\/wp-json\/wp\/v2\/comments?post=98"}],"version-history":[{"count":0,"href":"https:\/\/www.veterinariosvs.org\/editorial\/wp-json\/wp\/v2\/posts\/98\/revisions"}],"wp:featuredmedia":[{"embeddable":true,"href":"https:\/\/www.veterinariosvs.org\/editorial\/wp-json\/wp\/v2\/media\/129"}],"wp:attachment":[{"href":"https:\/\/www.veterinariosvs.org\/editorial\/wp-json\/wp\/v2\/media?parent=98"}],"wp:term":[{"taxonomy":"category","embeddable":true,"href":"https:\/\/www.veterinariosvs.org\/editorial\/wp-json\/wp\/v2\/categories?post=98"},{"taxonomy":"post_tag","embeddable":true,"href":"https:\/\/www.veterinariosvs.org\/editorial\/wp-json\/wp\/v2\/tags?post=98"}],"curies":[{"name":"wp","href":"https:\/\/api.w.org\/{rel}","templated":true}]}}